{"id":4647,"date":"2024-06-04T13:28:14","date_gmt":"2024-06-04T11:28:14","guid":{"rendered":"https:\/\/www.kupela.fr\/?p=4647"},"modified":"2024-09-24T09:10:34","modified_gmt":"2024-09-24T07:10:34","slug":"le-maire-de-bayonne-chez-kupela-sagardotegia","status":"publish","type":"post","link":"https:\/\/www.kupela.fr\/en\/kupela-sagardotegia\/le-maire-de-bayonne-chez-kupela-sagardotegia\/","title":{"rendered":"Le maire de Bayonne chez Kupela Sagardotegia !"},"content":{"rendered":"<p>It was an honour to be able to welcome Jean-Ren\u00e9 Etchegaray, Mayor of Bayonne and President of the Communaut\u00e9 d&#8217;agglom\u00e9ration du Pays Basque, to our <a href=\"https:\/\/www.kupela.fr\/en\/sagardotegia\/\">Kupela Sagardotegia<\/a> cider house. Thank you for your support and for giving us the opportunity to set up in Bayonne!<\/p>","protected":false},"excerpt":{"rendered":"<p>It was an honour to be able to welcome Jean-Ren\u00e9 Etchegaray, Mayor of Bayonne and President of the Communaut\u00e9 d&#8217;agglom\u00e9ration [&hellip;]<\/p>\n","protected":false},"author":2,"featured_media":4650,"comment_status":"closed","ping_status":"closed","sticky":false,"template":"","format":"standard","meta":{"_acf_changed":false,"_seopress_robots_primary_cat":"none","_seopress_titles_title":"","_seopress_titles_desc":"","_seopress_robots_index":"","_jetpack_memberships_contains_paid_content":false,"footnotes":""},"categories":[17],"class_list":["post-4647","post","type-post","status-publish","format-standard","has-post-thumbnail","hentry","category-kupela-sagardotegia"],"acf":[],"jetpack_featured_media_url":"https:\/\/i0.wp.com\/www.kupela.fr\/wp-content\/uploads\/2024\/06\/jean-rene-etchegaray-kupela.jpg?fit=1000%2C1000&ssl=1","jetpack_sharing_enabled":true,"_links":{"self":[{"href":"https:\/\/www.kupela.fr\/en\/wp-json\/wp\/v2\/posts\/4647","targetHints":{"allow":["GET"]}}],"collection":[{"href":"https:\/\/www.kupela.fr\/en\/wp-json\/wp\/v2\/posts"}],"about":[{"href":"https:\/\/www.kupela.fr\/en\/wp-json\/wp\/v2\/types\/post"}],"author":[{"embeddable":true,"href":"https:\/\/www.kupela.fr\/en\/wp-json\/wp\/v2\/users\/2"}],"replies":[{"embeddable":true,"href":"https:\/\/www.kupela.fr\/en\/wp-json\/wp\/v2\/comments?post=4647"}],"version-history":[{"count":3,"href":"https:\/\/www.kupela.fr\/en\/wp-json\/wp\/v2\/posts\/4647\/revisions"}],"predecessor-version":[{"id":4653,"href":"https:\/\/www.kupela.fr\/en\/wp-json\/wp\/v2\/posts\/4647\/revisions\/4653"}],"wp:featuredmedia":[{"embeddable":true,"href":"https:\/\/www.kupela.fr\/en\/wp-json\/wp\/v2\/media\/4650"}],"wp:attachment":[{"href":"https:\/\/www.kupela.fr\/en\/wp-json\/wp\/v2\/media?parent=4647"}],"wp:term":[{"taxonomy":"category","embeddable":true,"href":"https:\/\/www.kupela.fr\/en\/wp-json\/wp\/v2\/categories?post=4647"}],"curies":[{"name":"wp","href":"https:\/\/api.w.org\/{rel}","templated":true}]}}